{"id":635,"date":"2017-12-29T13:17:20","date_gmt":"2017-12-29T15:17:20","guid":{"rendered":"http:\/\/interclip.com.br\/?p=635"},"modified":"2017-12-29T13:17:20","modified_gmt":"2017-12-29T15:17:20","slug":"alinhamento-das-acoes-na-comunicacao-corporativa","status":"publish","type":"post","link":"https:\/\/interclip.com.br\/?p=635","title":{"rendered":"ALINHAMENTO DAS A\u00c7\u00d5ES NA COMUNICA\u00c7\u00c3O CORPORATIVA"},"content":{"rendered":"<p>Quando pensamos em estrat\u00e9gias de comunica\u00e7\u00e3o corporativa nos dias atuais, \u00e9 comum enfatizarmos a import\u00e2ncia das a\u00e7\u00f5es voltadas para as redes sociais. Muitas vezes as plataformas digitais acabam ganhando mais aten\u00e7\u00e3o, o que \u00e9 um equ\u00edvoco, j\u00e1 que o planejamento para fortalecimento deve ser pensado de forma sist\u00eamica e englobar o meio digital e f\u00edsico.<\/p>\n<p>Esse \u00e9 um dos desafios da assessoria de imprensa, pois \u00e9 tarefa deste setor preservar a imagem da empresa. Entretanto, a correria do cotidiado faz com que os profissionais se preocupem mais com atividades voltadas para as m\u00eddias sociais e acabam esquecendo dos ve\u00edculos tradicionais. Isso prejudica a experi\u00eancia do usu\u00e1rio com a marca e reduz a efic\u00e1cia no alcance de resultados.<\/p>\n<p><strong>Alinhe as \u00e1reas da comunica\u00e7\u00e3o corporativa<\/strong><strong>\u00a0<\/strong><\/p>\n<p>Neste contexto, \u00e9 fundamental que o assessor compreenda que a interatividade do consumidor com as empresas passa pelo alinhamento das estrat\u00e9gias de comunica\u00e7\u00e3o nas mais diversas facetas.<\/p>\n<p>Um descuido que comprometa a reputa\u00e7\u00e3o de uma marca no meio digital pode ter reflexo nas outras \u00e1reas, por isso \u00e9 importante a unidade do discurso institucional. \u00a0Al\u00e9m disso, essa \u00e9 uma forma de criar oportunidades de crescimento para a empresa.<\/p>\n<p><strong>Uma comunica\u00e7\u00e3o alinhada exige planejamento<\/strong><strong>\u00a0<\/strong><\/p>\n<p>O alinhamento das estrat\u00e9gias vem acompanhado de um eficiente plano de a\u00e7\u00f5es, pois \u00e9 ele que vai nortear o trabalho da assessoria de imprensa, visando garantir a sinergia entre meio digital e f\u00edsico. O resultado ser\u00e3o atividades bem executadas e clientes satisfeitos.<\/p>\n<p>Por isso, n\u00e3o deixe de investir em assessoria de imprensa, com o objetivo de fortalecer sua marca no mercado. Nele, avalie bem as ferramentas a serem exploradas para potencializar a imagem do seu cliente.<\/p>\n<p>Al\u00e9m disso, trace todo o plano dialogando constantemente com seu assessorado. Mostre a ele que todos os colaboraores da empresa devem ter conhecimento sobre quais s\u00e3o os objetivos da empresa. Assim, ser\u00e1 poss\u00edvel viabilizar o alinhamento entre todas as \u00e1reas.<\/p>\n<p>Outro ponto importante \u00e9 mensurar os resultados. S\u00e3o estes indicadores que v\u00e3o identificar os pontos de sucesso e aqueles que precisam de ajustes. Uma ferramenta de clipping pode ser um bom aliado neste processo.<\/p>\n<p>A Interclip Monitoramento de Not\u00edcias e Marketing Digital, empresa de Belo Horizonte, monitora diariamente publica\u00e7\u00f5es em r\u00e1dio, TV, Internet e redes sociais.\u00a0 Cada cliente recebe um relat\u00f3rio di\u00e1rio com as principais not\u00edcias da sua empresa, fato que pode mostrar a imagem da empreaa no mercado e auxilia-lo em tomadas de decis\u00f5es.<\/p>\n<p>Curtiu o nosso post? Ent\u00e3o acesse o nosso site e saiba mais sobre os nossos servi\u00e7os.<\/p>\n","protected":false},"excerpt":{"rendered":"<p>Quando pensamos em estrat\u00e9gias de comunica\u00e7\u00e3o corporativa nos dias atuais, \u00e9 comum enfatizarmos a import\u00e2ncia das a\u00e7\u00f5es voltadas para as redes sociais. Muitas vezes as plataformas digitais acabam ganhando mais aten\u00e7\u00e3o, o que \u00e9 um equ\u00edvoco, j\u00e1 que o planejamento para fortalecimento deve ser pensado&#8230;<\/p>\n","protected":false},"author":1,"featured_media":636,"comment_status":"closed","ping_status":"closed","sticky":false,"template":"","format":"standard","meta":{"footnotes":""},"categories":[1],"tags":[14,7,9,6,41],"class_list":["post-635","post","type-post","status-publish","format-standard","has-post-thumbnail","hentry","category-sem-categoria","tag-assessoria-de-imprensa","tag-clipping-em-bh","tag-clipping-empresarial","tag-interclip","tag-monitoramento-de-noticias-bh"],"yoast_head":"<!-- This site is optimized with the Yoast SEO plugin v27.4 - https:\/\/yoast.com\/product\/yoast-seo-wordpress\/ -->\n<title>ALINHAMENTO DAS A\u00c7\u00d5ES NA COMUNICA\u00c7\u00c3O CORPORATIVA - Interclip Clipping e Monitoramento<\/title>\n<meta name=\"robots\" content=\"index, follow, max-snippet:-1, max-image-preview:large, max-video-preview:-1\" \/>\n<link rel=\"canonical\" href=\"https:\/\/interclip.com.br\/?p=635\" \/>\n<meta property=\"og:locale\" content=\"pt_BR\" \/>\n<meta property=\"og:type\" content=\"article\" \/>\n<meta property=\"og:title\" content=\"ALINHAMENTO DAS A\u00c7\u00d5ES NA COMUNICA\u00c7\u00c3O CORPORATIVA - Interclip Clipping e Monitoramento\" \/>\n<meta property=\"og:description\" content=\"Quando pensamos em estrat\u00e9gias de comunica\u00e7\u00e3o corporativa nos dias atuais, \u00e9 comum enfatizarmos a import\u00e2ncia das a\u00e7\u00f5es voltadas para as redes sociais. Muitas vezes as plataformas digitais acabam ganhando mais aten\u00e7\u00e3o, o que \u00e9 um equ\u00edvoco, j\u00e1 que o planejamento para fortalecimento deve ser pensado...\" \/>\n<meta property=\"og:url\" content=\"https:\/\/interclip.com.br\/?p=635\" \/>\n<meta property=\"og:site_name\" content=\"Interclip Clipping e Monitoramento\" \/>\n<meta property=\"article:published_time\" content=\"2017-12-29T15:17:20+00:00\" \/>\n<meta property=\"og:image\" content=\"https:\/\/interclip.com.br\/wp-content\/uploads\/2017\/12\/InterclipBH.jpg\" \/>\n\t<meta property=\"og:image:width\" content=\"4000\" \/>\n\t<meta property=\"og:image:height\" content=\"2137\" \/>\n\t<meta property=\"og:image:type\" content=\"image\/jpeg\" \/>\n<meta name=\"author\" content=\"Interclip\" \/>\n<meta name=\"twitter:card\" content=\"summary_large_image\" \/>\n<meta name=\"twitter:label1\" content=\"Escrito por\" \/>\n\t<meta name=\"twitter:data1\" content=\"Interclip\" \/>\n\t<meta name=\"twitter:label2\" content=\"Est. tempo de leitura\" \/>\n\t<meta name=\"twitter:data2\" content=\"2 minutos\" \/>\n<script type=\"application\/ld+json\" class=\"yoast-schema-graph\">{\"@context\":\"https:\\\/\\\/schema.org\",\"@graph\":[{\"@type\":\"Article\",\"@id\":\"https:\\\/\\\/interclip.com.br\\\/?p=635#article\",\"isPartOf\":{\"@id\":\"https:\\\/\\\/interclip.com.br\\\/?p=635\"},\"author\":{\"name\":\"Interclip\",\"@id\":\"https:\\\/\\\/interclip.com.br\\\/#\\\/schema\\\/person\\\/504442398329edceb23a98a69ed7b35a\"},\"headline\":\"ALINHAMENTO DAS A\u00c7\u00d5ES NA COMUNICA\u00c7\u00c3O CORPORATIVA\",\"datePublished\":\"2017-12-29T15:17:20+00:00\",\"mainEntityOfPage\":{\"@id\":\"https:\\\/\\\/interclip.com.br\\\/?p=635\"},\"wordCount\":450,\"image\":{\"@id\":\"https:\\\/\\\/interclip.com.br\\\/?p=635#primaryimage\"},\"thumbnailUrl\":\"https:\\\/\\\/interclip.com.br\\\/wp-content\\\/uploads\\\/2017\\\/12\\\/InterclipBH.jpg\",\"keywords\":[\"Assessoria de Imprensa\",\"Clipping em BH\",\"Clipping Empresarial\",\"Interclip\",\"Monitoramento de Not\u00edcias BH\"],\"inLanguage\":\"pt-BR\"},{\"@type\":\"WebPage\",\"@id\":\"https:\\\/\\\/interclip.com.br\\\/?p=635\",\"url\":\"https:\\\/\\\/interclip.com.br\\\/?p=635\",\"name\":\"ALINHAMENTO DAS A\u00c7\u00d5ES NA COMUNICA\u00c7\u00c3O CORPORATIVA - Interclip Clipping e Monitoramento\",\"isPartOf\":{\"@id\":\"https:\\\/\\\/interclip.com.br\\\/#website\"},\"primaryImageOfPage\":{\"@id\":\"https:\\\/\\\/interclip.com.br\\\/?p=635#primaryimage\"},\"image\":{\"@id\":\"https:\\\/\\\/interclip.com.br\\\/?p=635#primaryimage\"},\"thumbnailUrl\":\"https:\\\/\\\/interclip.com.br\\\/wp-content\\\/uploads\\\/2017\\\/12\\\/InterclipBH.jpg\",\"datePublished\":\"2017-12-29T15:17:20+00:00\",\"author\":{\"@id\":\"https:\\\/\\\/interclip.com.br\\\/#\\\/schema\\\/person\\\/504442398329edceb23a98a69ed7b35a\"},\"breadcrumb\":{\"@id\":\"https:\\\/\\\/interclip.com.br\\\/?p=635#breadcrumb\"},\"inLanguage\":\"pt-BR\",\"potentialAction\":[{\"@type\":\"ReadAction\",\"target\":[\"https:\\\/\\\/interclip.com.br\\\/?p=635\"]}]},{\"@type\":\"ImageObject\",\"inLanguage\":\"pt-BR\",\"@id\":\"https:\\\/\\\/interclip.com.br\\\/?p=635#primaryimage\",\"url\":\"https:\\\/\\\/interclip.com.br\\\/wp-content\\\/uploads\\\/2017\\\/12\\\/InterclipBH.jpg\",\"contentUrl\":\"https:\\\/\\\/interclip.com.br\\\/wp-content\\\/uploads\\\/2017\\\/12\\\/InterclipBH.jpg\",\"width\":4000,\"height\":2137,\"caption\":\"Mind Map Team - Illustration\"},{\"@type\":\"BreadcrumbList\",\"@id\":\"https:\\\/\\\/interclip.com.br\\\/?p=635#breadcrumb\",\"itemListElement\":[{\"@type\":\"ListItem\",\"position\":1,\"name\":\"In\u00edcio\",\"item\":\"https:\\\/\\\/interclip.com.br\\\/\"},{\"@type\":\"ListItem\",\"position\":2,\"name\":\"ALINHAMENTO DAS A\u00c7\u00d5ES NA COMUNICA\u00c7\u00c3O CORPORATIVA\"}]},{\"@type\":\"WebSite\",\"@id\":\"https:\\\/\\\/interclip.com.br\\\/#website\",\"url\":\"https:\\\/\\\/interclip.com.br\\\/\",\"name\":\"Interclip Clipping e Monitoramento\",\"description\":\"Clipping de not\u00edcias e monitoramento de redes sociais\",\"potentialAction\":[{\"@type\":\"SearchAction\",\"target\":{\"@type\":\"EntryPoint\",\"urlTemplate\":\"https:\\\/\\\/interclip.com.br\\\/?s={search_term_string}\"},\"query-input\":{\"@type\":\"PropertyValueSpecification\",\"valueRequired\":true,\"valueName\":\"search_term_string\"}}],\"inLanguage\":\"pt-BR\"},{\"@type\":\"Person\",\"@id\":\"https:\\\/\\\/interclip.com.br\\\/#\\\/schema\\\/person\\\/504442398329edceb23a98a69ed7b35a\",\"name\":\"Interclip\",\"image\":{\"@type\":\"ImageObject\",\"inLanguage\":\"pt-BR\",\"@id\":\"https:\\\/\\\/secure.gravatar.com\\\/avatar\\\/ef55ff23ee2aa43e56c51606b5c687f7a000d8eec27c06ef7cd54a4e9c86e637?s=96&d=mm&r=g\",\"url\":\"https:\\\/\\\/secure.gravatar.com\\\/avatar\\\/ef55ff23ee2aa43e56c51606b5c687f7a000d8eec27c06ef7cd54a4e9c86e637?s=96&d=mm&r=g\",\"contentUrl\":\"https:\\\/\\\/secure.gravatar.com\\\/avatar\\\/ef55ff23ee2aa43e56c51606b5c687f7a000d8eec27c06ef7cd54a4e9c86e637?s=96&d=mm&r=g\",\"caption\":\"Interclip\"},\"url\":\"https:\\\/\\\/interclip.com.br\\\/?author=1\"}]}<\/script>\n<!-- \/ Yoast SEO plugin. -->","yoast_head_json":{"title":"ALINHAMENTO DAS A\u00c7\u00d5ES NA COMUNICA\u00c7\u00c3O CORPORATIVA - Interclip Clipping e Monitoramento","robots":{"index":"index","follow":"follow","max-snippet":"max-snippet:-1","max-image-preview":"max-image-preview:large","max-video-preview":"max-video-preview:-1"},"canonical":"https:\/\/interclip.com.br\/?p=635","og_locale":"pt_BR","og_type":"article","og_title":"ALINHAMENTO DAS A\u00c7\u00d5ES NA COMUNICA\u00c7\u00c3O CORPORATIVA - Interclip Clipping e Monitoramento","og_description":"Quando pensamos em estrat\u00e9gias de comunica\u00e7\u00e3o corporativa nos dias atuais, \u00e9 comum enfatizarmos a import\u00e2ncia das a\u00e7\u00f5es voltadas para as redes sociais. Muitas vezes as plataformas digitais acabam ganhando mais aten\u00e7\u00e3o, o que \u00e9 um equ\u00edvoco, j\u00e1 que o planejamento para fortalecimento deve ser pensado...","og_url":"https:\/\/interclip.com.br\/?p=635","og_site_name":"Interclip Clipping e Monitoramento","article_published_time":"2017-12-29T15:17:20+00:00","og_image":[{"width":4000,"height":2137,"url":"https:\/\/interclip.com.br\/wp-content\/uploads\/2017\/12\/InterclipBH.jpg","type":"image\/jpeg"}],"author":"Interclip","twitter_card":"summary_large_image","twitter_misc":{"Escrito por":"Interclip","Est. tempo de leitura":"2 minutos"},"schema":{"@context":"https:\/\/schema.org","@graph":[{"@type":"Article","@id":"https:\/\/interclip.com.br\/?p=635#article","isPartOf":{"@id":"https:\/\/interclip.com.br\/?p=635"},"author":{"name":"Interclip","@id":"https:\/\/interclip.com.br\/#\/schema\/person\/504442398329edceb23a98a69ed7b35a"},"headline":"ALINHAMENTO DAS A\u00c7\u00d5ES NA COMUNICA\u00c7\u00c3O CORPORATIVA","datePublished":"2017-12-29T15:17:20+00:00","mainEntityOfPage":{"@id":"https:\/\/interclip.com.br\/?p=635"},"wordCount":450,"image":{"@id":"https:\/\/interclip.com.br\/?p=635#primaryimage"},"thumbnailUrl":"https:\/\/interclip.com.br\/wp-content\/uploads\/2017\/12\/InterclipBH.jpg","keywords":["Assessoria de Imprensa","Clipping em BH","Clipping Empresarial","Interclip","Monitoramento de Not\u00edcias BH"],"inLanguage":"pt-BR"},{"@type":"WebPage","@id":"https:\/\/interclip.com.br\/?p=635","url":"https:\/\/interclip.com.br\/?p=635","name":"ALINHAMENTO DAS A\u00c7\u00d5ES NA COMUNICA\u00c7\u00c3O CORPORATIVA - Interclip Clipping e Monitoramento","isPartOf":{"@id":"https:\/\/interclip.com.br\/#website"},"primaryImageOfPage":{"@id":"https:\/\/interclip.com.br\/?p=635#primaryimage"},"image":{"@id":"https:\/\/interclip.com.br\/?p=635#primaryimage"},"thumbnailUrl":"https:\/\/interclip.com.br\/wp-content\/uploads\/2017\/12\/InterclipBH.jpg","datePublished":"2017-12-29T15:17:20+00:00","author":{"@id":"https:\/\/interclip.com.br\/#\/schema\/person\/504442398329edceb23a98a69ed7b35a"},"breadcrumb":{"@id":"https:\/\/interclip.com.br\/?p=635#breadcrumb"},"inLanguage":"pt-BR","potentialAction":[{"@type":"ReadAction","target":["https:\/\/interclip.com.br\/?p=635"]}]},{"@type":"ImageObject","inLanguage":"pt-BR","@id":"https:\/\/interclip.com.br\/?p=635#primaryimage","url":"https:\/\/interclip.com.br\/wp-content\/uploads\/2017\/12\/InterclipBH.jpg","contentUrl":"https:\/\/interclip.com.br\/wp-content\/uploads\/2017\/12\/InterclipBH.jpg","width":4000,"height":2137,"caption":"Mind Map Team - Illustration"},{"@type":"BreadcrumbList","@id":"https:\/\/interclip.com.br\/?p=635#breadcrumb","itemListElement":[{"@type":"ListItem","position":1,"name":"In\u00edcio","item":"https:\/\/interclip.com.br\/"},{"@type":"ListItem","position":2,"name":"ALINHAMENTO DAS A\u00c7\u00d5ES NA COMUNICA\u00c7\u00c3O CORPORATIVA"}]},{"@type":"WebSite","@id":"https:\/\/interclip.com.br\/#website","url":"https:\/\/interclip.com.br\/","name":"Interclip Clipping e Monitoramento","description":"Clipping de not\u00edcias e monitoramento de redes sociais","potentialAction":[{"@type":"SearchAction","target":{"@type":"EntryPoint","urlTemplate":"https:\/\/interclip.com.br\/?s={search_term_string}"},"query-input":{"@type":"PropertyValueSpecification","valueRequired":true,"valueName":"search_term_string"}}],"inLanguage":"pt-BR"},{"@type":"Person","@id":"https:\/\/interclip.com.br\/#\/schema\/person\/504442398329edceb23a98a69ed7b35a","name":"Interclip","image":{"@type":"ImageObject","inLanguage":"pt-BR","@id":"https:\/\/secure.gravatar.com\/avatar\/ef55ff23ee2aa43e56c51606b5c687f7a000d8eec27c06ef7cd54a4e9c86e637?s=96&d=mm&r=g","url":"https:\/\/secure.gravatar.com\/avatar\/ef55ff23ee2aa43e56c51606b5c687f7a000d8eec27c06ef7cd54a4e9c86e637?s=96&d=mm&r=g","contentUrl":"https:\/\/secure.gravatar.com\/avatar\/ef55ff23ee2aa43e56c51606b5c687f7a000d8eec27c06ef7cd54a4e9c86e637?s=96&d=mm&r=g","caption":"Interclip"},"url":"https:\/\/interclip.com.br\/?author=1"}]}},"_links":{"self":[{"href":"https:\/\/interclip.com.br\/index.php?rest_route=\/wp\/v2\/posts\/635","targetHints":{"allow":["GET"]}}],"collection":[{"href":"https:\/\/interclip.com.br\/index.php?rest_route=\/wp\/v2\/posts"}],"about":[{"href":"https:\/\/interclip.com.br\/index.php?rest_route=\/wp\/v2\/types\/post"}],"author":[{"embeddable":true,"href":"https:\/\/interclip.com.br\/index.php?rest_route=\/wp\/v2\/users\/1"}],"replies":[{"embeddable":true,"href":"https:\/\/interclip.com.br\/index.php?rest_route=%2Fwp%2Fv2%2Fcomments&post=635"}],"version-history":[{"count":1,"href":"https:\/\/interclip.com.br\/index.php?rest_route=\/wp\/v2\/posts\/635\/revisions"}],"predecessor-version":[{"id":637,"href":"https:\/\/interclip.com.br\/index.php?rest_route=\/wp\/v2\/posts\/635\/revisions\/637"}],"wp:featuredmedia":[{"embeddable":true,"href":"https:\/\/interclip.com.br\/index.php?rest_route=\/wp\/v2\/media\/636"}],"wp:attachment":[{"href":"https:\/\/interclip.com.br\/index.php?rest_route=%2Fwp%2Fv2%2Fmedia&parent=635"}],"wp:term":[{"taxonomy":"category","embeddable":true,"href":"https:\/\/interclip.com.br\/index.php?rest_route=%2Fwp%2Fv2%2Fcategories&post=635"},{"taxonomy":"post_tag","embeddable":true,"href":"https:\/\/interclip.com.br\/index.php?rest_route=%2Fwp%2Fv2%2Ftags&post=635"}],"curies":[{"name":"wp","href":"https:\/\/api.w.org\/{rel}","templated":true}]}}