{"id":579,"date":"2017-08-25T22:07:13","date_gmt":"2017-08-26T01:07:13","guid":{"rendered":"http:\/\/interclip.com.br\/?p=579"},"modified":"2017-08-25T22:07:13","modified_gmt":"2017-08-26T01:07:13","slug":"comunicacao-integrada-no-meio-corporativo","status":"publish","type":"post","link":"https:\/\/interclip.com.br\/?p=579","title":{"rendered":"COMUNICA\u00c7\u00c3O INTEGRADA NO MEIO CORPORATIVO"},"content":{"rendered":"<p>Na comunica\u00e7\u00e3o \u00e9 poss\u00edvel explorar v\u00e1rias linguagens para dialogar com o p\u00fablico. Podemos fazer isso usando diversificados formatos de m\u00eddia sem perder a unidade do discurso, que \u00e9 o que dar\u00e1 consist\u00eancia e credibilidade para o seu neg\u00f3cio. Essa estrat\u00e9gia \u00e9 o que chamamos de comunica\u00e7\u00e3o integrada. Mas como funciona isso? Fique tranquilo que explicaremos a seguir:<\/p>\n<p>Vamos imaginar uma assessoria de comunica\u00e7\u00e3o em uma prefeitura de uma grande cidade. Geralmente ela \u00e9 composta por jornalistas, rela\u00e7\u00f5es p\u00fablicas, publicit\u00e1rios, designers, profissionais de marketing, etc.<\/p>\n<p>Pense em toda essa estrutura dividida em departamentos, por\u00e9m cada um trabalha a comunica\u00e7\u00e3o de acordo com as peculiaridades do seu setor sem que exista uma interatividade entre as \u00e1reas. O resultado para a prefeitura ser\u00e1 a produ\u00e7\u00e3o de uma imagem fraca, sem coer\u00eancia e credibilidade para os cidad\u00e3os.<\/p>\n<p>A comunica\u00e7\u00e3o integrada \u00e9 justamente o posto disso, pois ela estabelece uma sinergia e constante interatividade entre os ramos da comunica\u00e7\u00e3o social, viabilizando construir os melhores resultados para os clientes, no que diz respeito a fortalecimento de marca e credibilidade perante o p\u00fablico.<\/p>\n<p><strong>Aplique a comunica\u00e7\u00e3o integrada no seu cotidiano<\/strong><\/p>\n<p>\u00c9 vi\u00e1vel implantar esse conceito na sua empresa, independentemente do tamanho da companhia. Seu departamento de comunica\u00e7\u00e3o pode at\u00e9 funcionar em departamentos, por\u00e9m se voc\u00ea mapear os processos ver\u00e1 em algum ponto as \u00e1reas podem convergir. \u00c9 neste momento que podemos executar as a\u00e7\u00f5es de forma estrategicamente alinhada, viabilizando para as empresas o alcance de metas.<\/p>\n<p>No Grupo Interface Comunica\u00e7\u00e3o Empresarial, do qual a Interclip Monitoramento de Not\u00edcias e Marketing Digital, empresa localizada em Belo Horizonte, profissionais que atuam com redes sociais, clipping e assessoria de imprensa, trabalham em constante interatividade para proporcionar os melhores resultados para os clientes.<\/p>\n<p><strong>\u00a0<\/strong><strong>Mantenha a coer\u00eancia do discurso<\/strong><\/p>\n<p>Quando a mensagem chega de forma desconexa para as pessoas, o impacto na credibilidade da marca pode ser desastroso, por isso unificar as a\u00e7\u00f5es em torno de um objetivo \u00fanico \u00e9 imprescind\u00edvel para o sucesso da estrat\u00e9gia de comunica\u00e7\u00e3o.<\/p>\n<p>Este cen\u00e1rio de converg\u00eancia pode ser efetivado por meio de reuni\u00f5es peri\u00f3dicas com representantes das respectivas \u00e1reas. O essencial \u00e9 viabilizar essa unidade, pois \u00e9 desta maneira que se consolida a comunica\u00e7\u00e3o integrada.<\/p>\n<p><strong>Mantenha o di\u00e1logo aberto<\/strong><\/p>\n<p>\u00c9 essencial estabelecer um canal de comunica\u00e7\u00e3o entre as diversas \u00e1reas, uma vez que \u00e9 importante que os profissionais possam opinar sobre os processos que est\u00e3o sendo executados.<\/p>\n<p>Na comunica\u00e7\u00e3o integrada \u00e9 essencial se posicionar e saber ouvir e entender que os profissionais das diferentes \u00e1reas devem atuar juntos para conquistar os resultados para o seu neg\u00f3cio.<\/p>\n<p>Gostou do nosso post? Deixe aqui seu coment\u00e1rio e siga a Interclip nas redes sociais.<\/p>\n<p>&nbsp;<\/p>\n","protected":false},"excerpt":{"rendered":"<p>Na comunica\u00e7\u00e3o \u00e9 poss\u00edvel explorar v\u00e1rias linguagens para dialogar com o p\u00fablico. Podemos fazer isso usando diversificados formatos de m\u00eddia sem perder a unidade do discurso, que \u00e9 o que dar\u00e1 consist\u00eancia e credibilidade para o seu neg\u00f3cio. Essa estrat\u00e9gia \u00e9 o que chamamos de&#8230;<\/p>\n","protected":false},"author":1,"featured_media":580,"comment_status":"closed","ping_status":"closed","sticky":false,"template":"","format":"standard","meta":{"footnotes":""},"categories":[5],"tags":[14,7,9,39,6],"class_list":["post-579","post","type-post","status-publish","format-standard","has-post-thumbnail","hentry","category-blog","tag-assessoria-de-imprensa","tag-clipping-em-bh","tag-clipping-empresarial","tag-comunicacao-integrada","tag-interclip"],"yoast_head":"<!-- This site is optimized with the Yoast SEO plugin v27.4 - https:\/\/yoast.com\/product\/yoast-seo-wordpress\/ -->\n<title>COMUNICA\u00c7\u00c3O INTEGRADA NO MEIO CORPORATIVO - Interclip Clipping e Monitoramento<\/title>\n<meta name=\"robots\" content=\"index, follow, max-snippet:-1, max-image-preview:large, max-video-preview:-1\" \/>\n<link rel=\"canonical\" href=\"https:\/\/interclip.com.br\/?p=579\" \/>\n<meta property=\"og:locale\" content=\"pt_BR\" \/>\n<meta property=\"og:type\" content=\"article\" \/>\n<meta property=\"og:title\" content=\"COMUNICA\u00c7\u00c3O INTEGRADA NO MEIO CORPORATIVO - Interclip Clipping e Monitoramento\" \/>\n<meta property=\"og:description\" content=\"Na comunica\u00e7\u00e3o \u00e9 poss\u00edvel explorar v\u00e1rias linguagens para dialogar com o p\u00fablico. Podemos fazer isso usando diversificados formatos de m\u00eddia sem perder a unidade do discurso, que \u00e9 o que dar\u00e1 consist\u00eancia e credibilidade para o seu neg\u00f3cio. Essa estrat\u00e9gia \u00e9 o que chamamos de...\" \/>\n<meta property=\"og:url\" content=\"https:\/\/interclip.com.br\/?p=579\" \/>\n<meta property=\"og:site_name\" content=\"Interclip Clipping e Monitoramento\" \/>\n<meta property=\"article:published_time\" content=\"2017-08-26T01:07:13+00:00\" \/>\n<meta property=\"og:image\" content=\"https:\/\/interclip.com.br\/wp-content\/uploads\/2017\/08\/InterclipBH-5.jpg\" \/>\n\t<meta property=\"og:image:width\" content=\"2400\" \/>\n\t<meta property=\"og:image:height\" content=\"1600\" \/>\n\t<meta property=\"og:image:type\" content=\"image\/jpeg\" \/>\n<meta name=\"author\" content=\"Interclip\" \/>\n<meta name=\"twitter:card\" content=\"summary_large_image\" \/>\n<meta name=\"twitter:label1\" content=\"Escrito por\" \/>\n\t<meta name=\"twitter:data1\" content=\"Interclip\" \/>\n\t<meta name=\"twitter:label2\" content=\"Est. tempo de leitura\" \/>\n\t<meta name=\"twitter:data2\" content=\"2 minutos\" \/>\n<script type=\"application\/ld+json\" class=\"yoast-schema-graph\">{\"@context\":\"https:\\\/\\\/schema.org\",\"@graph\":[{\"@type\":\"Article\",\"@id\":\"https:\\\/\\\/interclip.com.br\\\/?p=579#article\",\"isPartOf\":{\"@id\":\"https:\\\/\\\/interclip.com.br\\\/?p=579\"},\"author\":{\"name\":\"Interclip\",\"@id\":\"https:\\\/\\\/interclip.com.br\\\/#\\\/schema\\\/person\\\/504442398329edceb23a98a69ed7b35a\"},\"headline\":\"COMUNICA\u00c7\u00c3O INTEGRADA NO MEIO CORPORATIVO\",\"datePublished\":\"2017-08-26T01:07:13+00:00\",\"mainEntityOfPage\":{\"@id\":\"https:\\\/\\\/interclip.com.br\\\/?p=579\"},\"wordCount\":473,\"image\":{\"@id\":\"https:\\\/\\\/interclip.com.br\\\/?p=579#primaryimage\"},\"thumbnailUrl\":\"https:\\\/\\\/interclip.com.br\\\/wp-content\\\/uploads\\\/2017\\\/08\\\/InterclipBH-5.jpg\",\"keywords\":[\"Assessoria de Imprensa\",\"Clipping em BH\",\"Clipping Empresarial\",\"Comunica\u00e7\u00e3o Integrada\",\"Interclip\"],\"articleSection\":[\"Blog\"],\"inLanguage\":\"pt-BR\"},{\"@type\":\"WebPage\",\"@id\":\"https:\\\/\\\/interclip.com.br\\\/?p=579\",\"url\":\"https:\\\/\\\/interclip.com.br\\\/?p=579\",\"name\":\"COMUNICA\u00c7\u00c3O INTEGRADA NO MEIO CORPORATIVO - Interclip Clipping e Monitoramento\",\"isPartOf\":{\"@id\":\"https:\\\/\\\/interclip.com.br\\\/#website\"},\"primaryImageOfPage\":{\"@id\":\"https:\\\/\\\/interclip.com.br\\\/?p=579#primaryimage\"},\"image\":{\"@id\":\"https:\\\/\\\/interclip.com.br\\\/?p=579#primaryimage\"},\"thumbnailUrl\":\"https:\\\/\\\/interclip.com.br\\\/wp-content\\\/uploads\\\/2017\\\/08\\\/InterclipBH-5.jpg\",\"datePublished\":\"2017-08-26T01:07:13+00:00\",\"author\":{\"@id\":\"https:\\\/\\\/interclip.com.br\\\/#\\\/schema\\\/person\\\/504442398329edceb23a98a69ed7b35a\"},\"breadcrumb\":{\"@id\":\"https:\\\/\\\/interclip.com.br\\\/?p=579#breadcrumb\"},\"inLanguage\":\"pt-BR\",\"potentialAction\":[{\"@type\":\"ReadAction\",\"target\":[\"https:\\\/\\\/interclip.com.br\\\/?p=579\"]}]},{\"@type\":\"ImageObject\",\"inLanguage\":\"pt-BR\",\"@id\":\"https:\\\/\\\/interclip.com.br\\\/?p=579#primaryimage\",\"url\":\"https:\\\/\\\/interclip.com.br\\\/wp-content\\\/uploads\\\/2017\\\/08\\\/InterclipBH-5.jpg\",\"contentUrl\":\"https:\\\/\\\/interclip.com.br\\\/wp-content\\\/uploads\\\/2017\\\/08\\\/InterclipBH-5.jpg\",\"width\":2400,\"height\":1600},{\"@type\":\"BreadcrumbList\",\"@id\":\"https:\\\/\\\/interclip.com.br\\\/?p=579#breadcrumb\",\"itemListElement\":[{\"@type\":\"ListItem\",\"position\":1,\"name\":\"In\u00edcio\",\"item\":\"https:\\\/\\\/interclip.com.br\\\/\"},{\"@type\":\"ListItem\",\"position\":2,\"name\":\"COMUNICA\u00c7\u00c3O INTEGRADA NO MEIO CORPORATIVO\"}]},{\"@type\":\"WebSite\",\"@id\":\"https:\\\/\\\/interclip.com.br\\\/#website\",\"url\":\"https:\\\/\\\/interclip.com.br\\\/\",\"name\":\"Interclip Clipping e Monitoramento\",\"description\":\"Clipping de not\u00edcias e monitoramento de redes sociais\",\"potentialAction\":[{\"@type\":\"SearchAction\",\"target\":{\"@type\":\"EntryPoint\",\"urlTemplate\":\"https:\\\/\\\/interclip.com.br\\\/?s={search_term_string}\"},\"query-input\":{\"@type\":\"PropertyValueSpecification\",\"valueRequired\":true,\"valueName\":\"search_term_string\"}}],\"inLanguage\":\"pt-BR\"},{\"@type\":\"Person\",\"@id\":\"https:\\\/\\\/interclip.com.br\\\/#\\\/schema\\\/person\\\/504442398329edceb23a98a69ed7b35a\",\"name\":\"Interclip\",\"image\":{\"@type\":\"ImageObject\",\"inLanguage\":\"pt-BR\",\"@id\":\"https:\\\/\\\/secure.gravatar.com\\\/avatar\\\/ef55ff23ee2aa43e56c51606b5c687f7a000d8eec27c06ef7cd54a4e9c86e637?s=96&d=mm&r=g\",\"url\":\"https:\\\/\\\/secure.gravatar.com\\\/avatar\\\/ef55ff23ee2aa43e56c51606b5c687f7a000d8eec27c06ef7cd54a4e9c86e637?s=96&d=mm&r=g\",\"contentUrl\":\"https:\\\/\\\/secure.gravatar.com\\\/avatar\\\/ef55ff23ee2aa43e56c51606b5c687f7a000d8eec27c06ef7cd54a4e9c86e637?s=96&d=mm&r=g\",\"caption\":\"Interclip\"},\"url\":\"https:\\\/\\\/interclip.com.br\\\/?author=1\"}]}<\/script>\n<!-- \/ Yoast SEO plugin. -->","yoast_head_json":{"title":"COMUNICA\u00c7\u00c3O INTEGRADA NO MEIO CORPORATIVO - Interclip Clipping e Monitoramento","robots":{"index":"index","follow":"follow","max-snippet":"max-snippet:-1","max-image-preview":"max-image-preview:large","max-video-preview":"max-video-preview:-1"},"canonical":"https:\/\/interclip.com.br\/?p=579","og_locale":"pt_BR","og_type":"article","og_title":"COMUNICA\u00c7\u00c3O INTEGRADA NO MEIO CORPORATIVO - Interclip Clipping e Monitoramento","og_description":"Na comunica\u00e7\u00e3o \u00e9 poss\u00edvel explorar v\u00e1rias linguagens para dialogar com o p\u00fablico. Podemos fazer isso usando diversificados formatos de m\u00eddia sem perder a unidade do discurso, que \u00e9 o que dar\u00e1 consist\u00eancia e credibilidade para o seu neg\u00f3cio. Essa estrat\u00e9gia \u00e9 o que chamamos de...","og_url":"https:\/\/interclip.com.br\/?p=579","og_site_name":"Interclip Clipping e Monitoramento","article_published_time":"2017-08-26T01:07:13+00:00","og_image":[{"width":2400,"height":1600,"url":"https:\/\/interclip.com.br\/wp-content\/uploads\/2017\/08\/InterclipBH-5.jpg","type":"image\/jpeg"}],"author":"Interclip","twitter_card":"summary_large_image","twitter_misc":{"Escrito por":"Interclip","Est. tempo de leitura":"2 minutos"},"schema":{"@context":"https:\/\/schema.org","@graph":[{"@type":"Article","@id":"https:\/\/interclip.com.br\/?p=579#article","isPartOf":{"@id":"https:\/\/interclip.com.br\/?p=579"},"author":{"name":"Interclip","@id":"https:\/\/interclip.com.br\/#\/schema\/person\/504442398329edceb23a98a69ed7b35a"},"headline":"COMUNICA\u00c7\u00c3O INTEGRADA NO MEIO CORPORATIVO","datePublished":"2017-08-26T01:07:13+00:00","mainEntityOfPage":{"@id":"https:\/\/interclip.com.br\/?p=579"},"wordCount":473,"image":{"@id":"https:\/\/interclip.com.br\/?p=579#primaryimage"},"thumbnailUrl":"https:\/\/interclip.com.br\/wp-content\/uploads\/2017\/08\/InterclipBH-5.jpg","keywords":["Assessoria de Imprensa","Clipping em BH","Clipping Empresarial","Comunica\u00e7\u00e3o Integrada","Interclip"],"articleSection":["Blog"],"inLanguage":"pt-BR"},{"@type":"WebPage","@id":"https:\/\/interclip.com.br\/?p=579","url":"https:\/\/interclip.com.br\/?p=579","name":"COMUNICA\u00c7\u00c3O INTEGRADA NO MEIO CORPORATIVO - Interclip Clipping e Monitoramento","isPartOf":{"@id":"https:\/\/interclip.com.br\/#website"},"primaryImageOfPage":{"@id":"https:\/\/interclip.com.br\/?p=579#primaryimage"},"image":{"@id":"https:\/\/interclip.com.br\/?p=579#primaryimage"},"thumbnailUrl":"https:\/\/interclip.com.br\/wp-content\/uploads\/2017\/08\/InterclipBH-5.jpg","datePublished":"2017-08-26T01:07:13+00:00","author":{"@id":"https:\/\/interclip.com.br\/#\/schema\/person\/504442398329edceb23a98a69ed7b35a"},"breadcrumb":{"@id":"https:\/\/interclip.com.br\/?p=579#breadcrumb"},"inLanguage":"pt-BR","potentialAction":[{"@type":"ReadAction","target":["https:\/\/interclip.com.br\/?p=579"]}]},{"@type":"ImageObject","inLanguage":"pt-BR","@id":"https:\/\/interclip.com.br\/?p=579#primaryimage","url":"https:\/\/interclip.com.br\/wp-content\/uploads\/2017\/08\/InterclipBH-5.jpg","contentUrl":"https:\/\/interclip.com.br\/wp-content\/uploads\/2017\/08\/InterclipBH-5.jpg","width":2400,"height":1600},{"@type":"BreadcrumbList","@id":"https:\/\/interclip.com.br\/?p=579#breadcrumb","itemListElement":[{"@type":"ListItem","position":1,"name":"In\u00edcio","item":"https:\/\/interclip.com.br\/"},{"@type":"ListItem","position":2,"name":"COMUNICA\u00c7\u00c3O INTEGRADA NO MEIO CORPORATIVO"}]},{"@type":"WebSite","@id":"https:\/\/interclip.com.br\/#website","url":"https:\/\/interclip.com.br\/","name":"Interclip Clipping e Monitoramento","description":"Clipping de not\u00edcias e monitoramento de redes sociais","potentialAction":[{"@type":"SearchAction","target":{"@type":"EntryPoint","urlTemplate":"https:\/\/interclip.com.br\/?s={search_term_string}"},"query-input":{"@type":"PropertyValueSpecification","valueRequired":true,"valueName":"search_term_string"}}],"inLanguage":"pt-BR"},{"@type":"Person","@id":"https:\/\/interclip.com.br\/#\/schema\/person\/504442398329edceb23a98a69ed7b35a","name":"Interclip","image":{"@type":"ImageObject","inLanguage":"pt-BR","@id":"https:\/\/secure.gravatar.com\/avatar\/ef55ff23ee2aa43e56c51606b5c687f7a000d8eec27c06ef7cd54a4e9c86e637?s=96&d=mm&r=g","url":"https:\/\/secure.gravatar.com\/avatar\/ef55ff23ee2aa43e56c51606b5c687f7a000d8eec27c06ef7cd54a4e9c86e637?s=96&d=mm&r=g","contentUrl":"https:\/\/secure.gravatar.com\/avatar\/ef55ff23ee2aa43e56c51606b5c687f7a000d8eec27c06ef7cd54a4e9c86e637?s=96&d=mm&r=g","caption":"Interclip"},"url":"https:\/\/interclip.com.br\/?author=1"}]}},"_links":{"self":[{"href":"https:\/\/interclip.com.br\/index.php?rest_route=\/wp\/v2\/posts\/579","targetHints":{"allow":["GET"]}}],"collection":[{"href":"https:\/\/interclip.com.br\/index.php?rest_route=\/wp\/v2\/posts"}],"about":[{"href":"https:\/\/interclip.com.br\/index.php?rest_route=\/wp\/v2\/types\/post"}],"author":[{"embeddable":true,"href":"https:\/\/interclip.com.br\/index.php?rest_route=\/wp\/v2\/users\/1"}],"replies":[{"embeddable":true,"href":"https:\/\/interclip.com.br\/index.php?rest_route=%2Fwp%2Fv2%2Fcomments&post=579"}],"version-history":[{"count":2,"href":"https:\/\/interclip.com.br\/index.php?rest_route=\/wp\/v2\/posts\/579\/revisions"}],"predecessor-version":[{"id":582,"href":"https:\/\/interclip.com.br\/index.php?rest_route=\/wp\/v2\/posts\/579\/revisions\/582"}],"wp:featuredmedia":[{"embeddable":true,"href":"https:\/\/interclip.com.br\/index.php?rest_route=\/wp\/v2\/media\/580"}],"wp:attachment":[{"href":"https:\/\/interclip.com.br\/index.php?rest_route=%2Fwp%2Fv2%2Fmedia&parent=579"}],"wp:term":[{"taxonomy":"category","embeddable":true,"href":"https:\/\/interclip.com.br\/index.php?rest_route=%2Fwp%2Fv2%2Fcategories&post=579"},{"taxonomy":"post_tag","embeddable":true,"href":"https:\/\/interclip.com.br\/index.php?rest_route=%2Fwp%2Fv2%2Ftags&post=579"}],"curies":[{"name":"wp","href":"https:\/\/api.w.org\/{rel}","templated":true}]}}