{"id":497,"date":"2017-04-26T12:39:52","date_gmt":"2017-04-26T15:39:52","guid":{"rendered":"http:\/\/interclip.com.br\/?p=497"},"modified":"2017-04-26T12:39:52","modified_gmt":"2017-04-26T15:39:52","slug":"gestao-de-marcas-nas-agencias-de-comunicacao","status":"publish","type":"post","link":"https:\/\/interclip.com.br\/?p=497","title":{"rendered":"GEST\u00c3O DE MARCAS NAS AG\u00caNCIAS DE COMUNICA\u00c7\u00c3O"},"content":{"rendered":"<p>Nas assessorias de comunica\u00e7\u00e3o \u00e9 comum trabalharmos o conceito de branding. Mas o que seria isso? Branding nada mais \u00e9 do que promover a gest\u00e3o de uma marca, preservando sua imagem positiva perante seus clientes. No nosso dia a dia todas as a\u00e7\u00f5es que executamos tem como foco principal a consolida\u00e7\u00e3o de um coerente posicionamento de uma institui\u00e7\u00e3o no seu ramo de atua\u00e7\u00e3o. Ainda est\u00e1 um pouco confuso? Relaxa que logo mais vamos mostrar como o gerenciamento de branding \u00e9 importante para seu neg\u00f3cio.<\/p>\n<p><strong>A defini\u00e7\u00e3o de gest\u00e3o de marca<\/strong><\/p>\n<p>O branding est\u00e1 atrelado \u00e0s a\u00e7\u00f5es inerentes ao posicionamento da empresa perante seus clientes, zelando por sua miss\u00e3o e objetivo dentro do segmento de atua\u00e7\u00e3o, consolidando assim uma identidade coerente durante a interface entre a marca e seus consumidores.<\/p>\n<p><strong>Como o conceito de branding est\u00e1 presente nas assessorias de comunica\u00e7\u00e3o?<\/strong><\/p>\n<p><strong>Realiza\u00e7\u00e3o de eventos<\/strong><\/p>\n<p>Promo\u00e7\u00e3o de eventos e campanhas pelas assessorias de imprensa podem ser ferramentas de grande valia na hora de engajar e fidelizar novos clientes, assim como e consolidar a imagem da empresa no segmento. Por isso, o gestor deve compreender a import\u00e2ncia de tais a\u00e7\u00f5es e n\u00e3o medir esfor\u00e7os para potencializar a presen\u00e7a da institui\u00e7\u00e3o no mercado.<\/p>\n<p><strong>Monitoramento de not\u00edcias<\/strong><\/p>\n<p>O cuidado com a imagem do cliente \u00e9 um trabalho que requer aten\u00e7\u00e3o e monitoramento constante. Por isso, as assessorias de imprensa acompanham \u201cdiariamente\u201d, a exposi\u00e7\u00e3o de seus clientes nos ve\u00edculos de comunica\u00e7\u00e3o.<\/p>\n<p>Neste contexto, o clipping \u00e9 um mecanismo essencial. A Interclip Monitoramento de Not\u00edcias e Marketing Digital conta com profissionais especializados para acompanhar a presen\u00e7a de todos os clientes do Grupo Interface Comunica\u00e7\u00e3o Empresarial na m\u00eddia. A empresa acompanha ainda os concorrentes e o segmento de atua\u00e7\u00e3o do contratante.<\/p>\n<p><strong>Divulga\u00e7\u00e3o<\/strong><\/p>\n<p>Transformar o cliente em uma refer\u00eancia no seu setor \u00e9 um dos principais objetivos do assessor de imprensa. Se a empresa conseguir se posicionar com autoridade no mercado, a chance de sucesso para o seu neg\u00f3cio aumenta muito.<\/p>\n<p>Pensando nisso, o gestor deve zelar pela qualidade do seu produto e, acima de tudo, qual a ideia ele quer vender para seus clientes. Atrelado a isso, \u00e9 fundamental investir em um eficiente plano de comunica\u00e7\u00e3o que atinja os canais de divulga\u00e7\u00e3o mais adequados para o fortalecimento de marca.<\/p>\n<p><strong>Capta\u00e7\u00e3o de leads<\/strong><\/p>\n<p>O gerenciamento de marca deve levar ao p\u00fablico os valores de uma empresa. Mas tais cren\u00e7as precisam estar alinhadas com os anseios das pessoas, fazendo com que elas se sintam confort\u00e1veis em abra\u00e7ar a ideia do seu neg\u00f3cio.<\/p>\n<p>Isso far\u00e1 com que os clientes, n\u00e3o s\u00f3 passem a comprar mais do seu produto, mas os transformem em multiplicadores da sua marca para mais pessoas, potencializando a imagem da sua empresa. A gera\u00e7\u00e3o de m\u00eddia espont\u00e2nea significa menos gastos com publicidade, possibilitando a destina\u00e7\u00e3o dos recursos para outras \u00e1reas.<\/p>\n<p>A assessoria de comunica\u00e7\u00e3o \u00e9 um bra\u00e7o imprescind\u00edvel na gest\u00e3o de branding de qualquer empresa. Relacionamento com imprensa, coordena\u00e7\u00e3o de a\u00e7\u00f5es nas redes sociais e promo\u00e7\u00e3o de eventos s\u00e3o algumas das ferramentas que o assessor pode utilizar para potencializar a imagem de uma institui\u00e7\u00e3o no mercado. Neste contexto, dispor de uma equipe de divulga\u00e7\u00e3o \u00e9 fundamental para a prosperidade de qualquer organiza\u00e7\u00e3o.<\/p>\n<p>E a\u00ed? Como voc\u00ea faz a gest\u00e3o de branding na sua empresa? Compartilhe suas experi\u00eancias aqui no blog e deixe seu coment\u00e1rio.<\/p>\n","protected":false},"excerpt":{"rendered":"<p>Nas assessorias de comunica\u00e7\u00e3o \u00e9 comum trabalharmos o conceito de branding. Mas o que seria isso? Branding nada mais \u00e9 do que promover a gest\u00e3o de uma marca, preservando sua imagem positiva perante seus clientes. No nosso dia a dia todas as a\u00e7\u00f5es que executamos&#8230;<\/p>\n","protected":false},"author":1,"featured_media":498,"comment_status":"closed","ping_status":"closed","sticky":false,"template":"","format":"standard","meta":{"footnotes":""},"categories":[5],"tags":[15,14,20,7,9,6,21,8],"class_list":["post-497","post","type-post","status-publish","format-standard","has-post-thumbnail","hentry","category-blog","tag-agencia-de-comunicacao","tag-assessoria-de-imprensa","tag-clipping","tag-clipping-em-bh","tag-clipping-empresarial","tag-interclip","tag-interface-comunicacao","tag-monitoramento-de-noticias"],"yoast_head":"<!-- This site is optimized with the Yoast SEO plugin v27.5 - https:\/\/yoast.com\/product\/yoast-seo-wordpress\/ -->\n<title>GEST\u00c3O DE MARCAS NAS AG\u00caNCIAS DE COMUNICA\u00c7\u00c3O - Interclip Clipping e Monitoramento<\/title>\n<meta name=\"robots\" content=\"index, follow, max-snippet:-1, max-image-preview:large, max-video-preview:-1\" \/>\n<link rel=\"canonical\" href=\"https:\/\/interclip.com.br\/?p=497\" \/>\n<meta property=\"og:locale\" content=\"pt_BR\" \/>\n<meta property=\"og:type\" content=\"article\" \/>\n<meta property=\"og:title\" content=\"GEST\u00c3O DE MARCAS NAS AG\u00caNCIAS DE COMUNICA\u00c7\u00c3O - Interclip Clipping e Monitoramento\" \/>\n<meta property=\"og:description\" content=\"Nas assessorias de comunica\u00e7\u00e3o \u00e9 comum trabalharmos o conceito de branding. Mas o que seria isso? Branding nada mais \u00e9 do que promover a gest\u00e3o de uma marca, preservando sua imagem positiva perante seus clientes. No nosso dia a dia todas as a\u00e7\u00f5es que executamos...\" \/>\n<meta property=\"og:url\" content=\"https:\/\/interclip.com.br\/?p=497\" \/>\n<meta property=\"og:site_name\" content=\"Interclip Clipping e Monitoramento\" \/>\n<meta property=\"article:published_time\" content=\"2017-04-26T15:39:52+00:00\" \/>\n<meta property=\"og:image\" content=\"https:\/\/interclip.com.br\/wp-content\/uploads\/2017\/04\/InterclipBH.jpg\" \/>\n\t<meta property=\"og:image:width\" content=\"1600\" \/>\n\t<meta property=\"og:image:height\" content=\"1064\" \/>\n\t<meta property=\"og:image:type\" content=\"image\/jpeg\" \/>\n<meta name=\"author\" content=\"Interclip\" \/>\n<meta name=\"twitter:card\" content=\"summary_large_image\" \/>\n<meta name=\"twitter:label1\" content=\"Escrito por\" \/>\n\t<meta name=\"twitter:data1\" content=\"Interclip\" \/>\n\t<meta name=\"twitter:label2\" content=\"Est. tempo de leitura\" \/>\n\t<meta name=\"twitter:data2\" content=\"3 minutos\" \/>\n<script type=\"application\/ld+json\" class=\"yoast-schema-graph\">{\"@context\":\"https:\\\/\\\/schema.org\",\"@graph\":[{\"@type\":\"Article\",\"@id\":\"https:\\\/\\\/interclip.com.br\\\/?p=497#article\",\"isPartOf\":{\"@id\":\"https:\\\/\\\/interclip.com.br\\\/?p=497\"},\"author\":{\"name\":\"Interclip\",\"@id\":\"https:\\\/\\\/interclip.com.br\\\/#\\\/schema\\\/person\\\/504442398329edceb23a98a69ed7b35a\"},\"headline\":\"GEST\u00c3O DE MARCAS NAS AG\u00caNCIAS DE COMUNICA\u00c7\u00c3O\",\"datePublished\":\"2017-04-26T15:39:52+00:00\",\"mainEntityOfPage\":{\"@id\":\"https:\\\/\\\/interclip.com.br\\\/?p=497\"},\"wordCount\":608,\"image\":{\"@id\":\"https:\\\/\\\/interclip.com.br\\\/?p=497#primaryimage\"},\"thumbnailUrl\":\"https:\\\/\\\/interclip.com.br\\\/wp-content\\\/uploads\\\/2017\\\/04\\\/InterclipBH.jpg\",\"keywords\":[\"Ag\u00eancia de Comunica\u00e7\u00e3o\",\"Assessoria de Imprensa\",\"Clipping\",\"Clipping em BH\",\"Clipping Empresarial\",\"Interclip\",\"Interface Comunica\u00e7\u00e3o\",\"Monitoramento de Not\u00edcias\"],\"articleSection\":[\"Blog\"],\"inLanguage\":\"pt-BR\"},{\"@type\":\"WebPage\",\"@id\":\"https:\\\/\\\/interclip.com.br\\\/?p=497\",\"url\":\"https:\\\/\\\/interclip.com.br\\\/?p=497\",\"name\":\"GEST\u00c3O DE MARCAS NAS AG\u00caNCIAS DE COMUNICA\u00c7\u00c3O - Interclip Clipping e Monitoramento\",\"isPartOf\":{\"@id\":\"https:\\\/\\\/interclip.com.br\\\/#website\"},\"primaryImageOfPage\":{\"@id\":\"https:\\\/\\\/interclip.com.br\\\/?p=497#primaryimage\"},\"image\":{\"@id\":\"https:\\\/\\\/interclip.com.br\\\/?p=497#primaryimage\"},\"thumbnailUrl\":\"https:\\\/\\\/interclip.com.br\\\/wp-content\\\/uploads\\\/2017\\\/04\\\/InterclipBH.jpg\",\"datePublished\":\"2017-04-26T15:39:52+00:00\",\"author\":{\"@id\":\"https:\\\/\\\/interclip.com.br\\\/#\\\/schema\\\/person\\\/504442398329edceb23a98a69ed7b35a\"},\"breadcrumb\":{\"@id\":\"https:\\\/\\\/interclip.com.br\\\/?p=497#breadcrumb\"},\"inLanguage\":\"pt-BR\",\"potentialAction\":[{\"@type\":\"ReadAction\",\"target\":[\"https:\\\/\\\/interclip.com.br\\\/?p=497\"]}]},{\"@type\":\"ImageObject\",\"inLanguage\":\"pt-BR\",\"@id\":\"https:\\\/\\\/interclip.com.br\\\/?p=497#primaryimage\",\"url\":\"https:\\\/\\\/interclip.com.br\\\/wp-content\\\/uploads\\\/2017\\\/04\\\/InterclipBH.jpg\",\"contentUrl\":\"https:\\\/\\\/interclip.com.br\\\/wp-content\\\/uploads\\\/2017\\\/04\\\/InterclipBH.jpg\",\"width\":1600,\"height\":1064},{\"@type\":\"BreadcrumbList\",\"@id\":\"https:\\\/\\\/interclip.com.br\\\/?p=497#breadcrumb\",\"itemListElement\":[{\"@type\":\"ListItem\",\"position\":1,\"name\":\"In\u00edcio\",\"item\":\"https:\\\/\\\/interclip.com.br\\\/\"},{\"@type\":\"ListItem\",\"position\":2,\"name\":\"GEST\u00c3O DE MARCAS NAS AG\u00caNCIAS DE COMUNICA\u00c7\u00c3O\"}]},{\"@type\":\"WebSite\",\"@id\":\"https:\\\/\\\/interclip.com.br\\\/#website\",\"url\":\"https:\\\/\\\/interclip.com.br\\\/\",\"name\":\"Interclip Clipping e Monitoramento\",\"description\":\"Clipping de not\u00edcias e monitoramento de redes sociais\",\"potentialAction\":[{\"@type\":\"SearchAction\",\"target\":{\"@type\":\"EntryPoint\",\"urlTemplate\":\"https:\\\/\\\/interclip.com.br\\\/?s={search_term_string}\"},\"query-input\":{\"@type\":\"PropertyValueSpecification\",\"valueRequired\":true,\"valueName\":\"search_term_string\"}}],\"inLanguage\":\"pt-BR\"},{\"@type\":\"Person\",\"@id\":\"https:\\\/\\\/interclip.com.br\\\/#\\\/schema\\\/person\\\/504442398329edceb23a98a69ed7b35a\",\"name\":\"Interclip\",\"image\":{\"@type\":\"ImageObject\",\"inLanguage\":\"pt-BR\",\"@id\":\"https:\\\/\\\/secure.gravatar.com\\\/avatar\\\/ef55ff23ee2aa43e56c51606b5c687f7a000d8eec27c06ef7cd54a4e9c86e637?s=96&d=mm&r=g\",\"url\":\"https:\\\/\\\/secure.gravatar.com\\\/avatar\\\/ef55ff23ee2aa43e56c51606b5c687f7a000d8eec27c06ef7cd54a4e9c86e637?s=96&d=mm&r=g\",\"contentUrl\":\"https:\\\/\\\/secure.gravatar.com\\\/avatar\\\/ef55ff23ee2aa43e56c51606b5c687f7a000d8eec27c06ef7cd54a4e9c86e637?s=96&d=mm&r=g\",\"caption\":\"Interclip\"},\"url\":\"https:\\\/\\\/interclip.com.br\\\/?author=1\"}]}<\/script>\n<!-- \/ Yoast SEO plugin. -->","yoast_head_json":{"title":"GEST\u00c3O DE MARCAS NAS AG\u00caNCIAS DE COMUNICA\u00c7\u00c3O - Interclip Clipping e Monitoramento","robots":{"index":"index","follow":"follow","max-snippet":"max-snippet:-1","max-image-preview":"max-image-preview:large","max-video-preview":"max-video-preview:-1"},"canonical":"https:\/\/interclip.com.br\/?p=497","og_locale":"pt_BR","og_type":"article","og_title":"GEST\u00c3O DE MARCAS NAS AG\u00caNCIAS DE COMUNICA\u00c7\u00c3O - Interclip Clipping e Monitoramento","og_description":"Nas assessorias de comunica\u00e7\u00e3o \u00e9 comum trabalharmos o conceito de branding. Mas o que seria isso? Branding nada mais \u00e9 do que promover a gest\u00e3o de uma marca, preservando sua imagem positiva perante seus clientes. No nosso dia a dia todas as a\u00e7\u00f5es que executamos...","og_url":"https:\/\/interclip.com.br\/?p=497","og_site_name":"Interclip Clipping e Monitoramento","article_published_time":"2017-04-26T15:39:52+00:00","og_image":[{"width":1600,"height":1064,"url":"https:\/\/interclip.com.br\/wp-content\/uploads\/2017\/04\/InterclipBH.jpg","type":"image\/jpeg"}],"author":"Interclip","twitter_card":"summary_large_image","twitter_misc":{"Escrito por":"Interclip","Est. tempo de leitura":"3 minutos"},"schema":{"@context":"https:\/\/schema.org","@graph":[{"@type":"Article","@id":"https:\/\/interclip.com.br\/?p=497#article","isPartOf":{"@id":"https:\/\/interclip.com.br\/?p=497"},"author":{"name":"Interclip","@id":"https:\/\/interclip.com.br\/#\/schema\/person\/504442398329edceb23a98a69ed7b35a"},"headline":"GEST\u00c3O DE MARCAS NAS AG\u00caNCIAS DE COMUNICA\u00c7\u00c3O","datePublished":"2017-04-26T15:39:52+00:00","mainEntityOfPage":{"@id":"https:\/\/interclip.com.br\/?p=497"},"wordCount":608,"image":{"@id":"https:\/\/interclip.com.br\/?p=497#primaryimage"},"thumbnailUrl":"https:\/\/interclip.com.br\/wp-content\/uploads\/2017\/04\/InterclipBH.jpg","keywords":["Ag\u00eancia de Comunica\u00e7\u00e3o","Assessoria de Imprensa","Clipping","Clipping em BH","Clipping Empresarial","Interclip","Interface Comunica\u00e7\u00e3o","Monitoramento de Not\u00edcias"],"articleSection":["Blog"],"inLanguage":"pt-BR"},{"@type":"WebPage","@id":"https:\/\/interclip.com.br\/?p=497","url":"https:\/\/interclip.com.br\/?p=497","name":"GEST\u00c3O DE MARCAS NAS AG\u00caNCIAS DE COMUNICA\u00c7\u00c3O - Interclip Clipping e Monitoramento","isPartOf":{"@id":"https:\/\/interclip.com.br\/#website"},"primaryImageOfPage":{"@id":"https:\/\/interclip.com.br\/?p=497#primaryimage"},"image":{"@id":"https:\/\/interclip.com.br\/?p=497#primaryimage"},"thumbnailUrl":"https:\/\/interclip.com.br\/wp-content\/uploads\/2017\/04\/InterclipBH.jpg","datePublished":"2017-04-26T15:39:52+00:00","author":{"@id":"https:\/\/interclip.com.br\/#\/schema\/person\/504442398329edceb23a98a69ed7b35a"},"breadcrumb":{"@id":"https:\/\/interclip.com.br\/?p=497#breadcrumb"},"inLanguage":"pt-BR","potentialAction":[{"@type":"ReadAction","target":["https:\/\/interclip.com.br\/?p=497"]}]},{"@type":"ImageObject","inLanguage":"pt-BR","@id":"https:\/\/interclip.com.br\/?p=497#primaryimage","url":"https:\/\/interclip.com.br\/wp-content\/uploads\/2017\/04\/InterclipBH.jpg","contentUrl":"https:\/\/interclip.com.br\/wp-content\/uploads\/2017\/04\/InterclipBH.jpg","width":1600,"height":1064},{"@type":"BreadcrumbList","@id":"https:\/\/interclip.com.br\/?p=497#breadcrumb","itemListElement":[{"@type":"ListItem","position":1,"name":"In\u00edcio","item":"https:\/\/interclip.com.br\/"},{"@type":"ListItem","position":2,"name":"GEST\u00c3O DE MARCAS NAS AG\u00caNCIAS DE COMUNICA\u00c7\u00c3O"}]},{"@type":"WebSite","@id":"https:\/\/interclip.com.br\/#website","url":"https:\/\/interclip.com.br\/","name":"Interclip Clipping e Monitoramento","description":"Clipping de not\u00edcias e monitoramento de redes sociais","potentialAction":[{"@type":"SearchAction","target":{"@type":"EntryPoint","urlTemplate":"https:\/\/interclip.com.br\/?s={search_term_string}"},"query-input":{"@type":"PropertyValueSpecification","valueRequired":true,"valueName":"search_term_string"}}],"inLanguage":"pt-BR"},{"@type":"Person","@id":"https:\/\/interclip.com.br\/#\/schema\/person\/504442398329edceb23a98a69ed7b35a","name":"Interclip","image":{"@type":"ImageObject","inLanguage":"pt-BR","@id":"https:\/\/secure.gravatar.com\/avatar\/ef55ff23ee2aa43e56c51606b5c687f7a000d8eec27c06ef7cd54a4e9c86e637?s=96&d=mm&r=g","url":"https:\/\/secure.gravatar.com\/avatar\/ef55ff23ee2aa43e56c51606b5c687f7a000d8eec27c06ef7cd54a4e9c86e637?s=96&d=mm&r=g","contentUrl":"https:\/\/secure.gravatar.com\/avatar\/ef55ff23ee2aa43e56c51606b5c687f7a000d8eec27c06ef7cd54a4e9c86e637?s=96&d=mm&r=g","caption":"Interclip"},"url":"https:\/\/interclip.com.br\/?author=1"}]}},"_links":{"self":[{"href":"https:\/\/interclip.com.br\/index.php?rest_route=\/wp\/v2\/posts\/497","targetHints":{"allow":["GET"]}}],"collection":[{"href":"https:\/\/interclip.com.br\/index.php?rest_route=\/wp\/v2\/posts"}],"about":[{"href":"https:\/\/interclip.com.br\/index.php?rest_route=\/wp\/v2\/types\/post"}],"author":[{"embeddable":true,"href":"https:\/\/interclip.com.br\/index.php?rest_route=\/wp\/v2\/users\/1"}],"replies":[{"embeddable":true,"href":"https:\/\/interclip.com.br\/index.php?rest_route=%2Fwp%2Fv2%2Fcomments&post=497"}],"version-history":[{"count":1,"href":"https:\/\/interclip.com.br\/index.php?rest_route=\/wp\/v2\/posts\/497\/revisions"}],"predecessor-version":[{"id":499,"href":"https:\/\/interclip.com.br\/index.php?rest_route=\/wp\/v2\/posts\/497\/revisions\/499"}],"wp:featuredmedia":[{"embeddable":true,"href":"https:\/\/interclip.com.br\/index.php?rest_route=\/wp\/v2\/media\/498"}],"wp:attachment":[{"href":"https:\/\/interclip.com.br\/index.php?rest_route=%2Fwp%2Fv2%2Fmedia&parent=497"}],"wp:term":[{"taxonomy":"category","embeddable":true,"href":"https:\/\/interclip.com.br\/index.php?rest_route=%2Fwp%2Fv2%2Fcategories&post=497"},{"taxonomy":"post_tag","embeddable":true,"href":"https:\/\/interclip.com.br\/index.php?rest_route=%2Fwp%2Fv2%2Ftags&post=497"}],"curies":[{"name":"wp","href":"https:\/\/api.w.org\/{rel}","templated":true}]}}